{"id":2037,"date":"2016-06-29T06:19:44","date_gmt":"2016-06-29T06:19:44","guid":{"rendered":"https:\/\/hotelsolidairemangily.com\/?p=2037"},"modified":"2016-07-05T06:59:07","modified_gmt":"2016-07-05T06:59:07","slug":"lhotel-solidaire-mangily-vous-donne-rendez-vous-pour-aller-a-la-rencontre-des-baleines","status":"publish","type":"post","link":"https:\/\/hotelsolidairemangily.com\/fr\/lhotel-solidaire-mangily-vous-donne-rendez-vous-pour-aller-a-la-rencontre-des-baleines\/","title":{"rendered":"L\u2019H\u00f4tel Solidaire Mangily vous donne rendez-vous pour aller \u00e0 la rencontre des baleines"},"content":{"rendered":"<p>\u00c0 partir de ce mois de juillet, l\u2019H\u00f4tel Solidaire Mangily propose des balades en bateau derri\u00e8re la barri\u00e8re du r\u00e9cif pour admirer le passage des baleines. Pour votre s\u00e9curit\u00e9, la sortie se fait en compagnie des professionnels du m\u00e9tier ma\u00eetrisant le code de bonne conduite pour l\u2019observation des baleines.<\/p>\n<p><!--more--><\/p>\n<p>L\u2019observation des baleines dans leur habitat naturel reste une activit\u00e9 exceptionnelle pour leurs sauts impressionnants et leurs chants. Venant de l\u2019Antarctique \u00e0 5 000 Km du sud de Madagascar, les baleines \u00e0 bosse choisissent nos c\u00f4tes pour l\u2019atmosph\u00e8re et la temp\u00e9rature de l\u2019eau propices pour mettre bas et prendre soin de leurs baleineaux.<\/p>\n<p>En effet, la naissance des baleineaux doit se faire dans des eaux plus temp\u00e9r\u00e9es (24\u00ba) plut\u00f4t qu\u2019en Antarctique o\u00f9 le froid polaire serait fatal aux b\u00e9b\u00e9s. De plus, ils sont chez nous \u00e0 l\u2019abri des pr\u00e9dateurs tels que les orques et les requins.<\/p>\n<p>La famille baleine \u00e9tant au complet, il est possible d\u2019admirer leur passage en groupe. L\u2019H\u00f4tel Solidaire Mangily propose cette activit\u00e9 d\u2019observation des baleines jusqu\u2019\u00e0 fin septembre o\u00f9 les petits ont la force n\u00e9cessaire pour un long p\u00e9riple vers l&rsquo;Antarctique.<\/p>\n<p><strong>Enrichissez vos connaissances en visitant l\u2019exposition de l\u2019unique squelette reconstitu\u00e9 de baleine \u00e0 bosse de l\u2019oc\u00e9an Indien<\/strong><\/p>\n<p>Pour rendre votre s\u00e9jour exceptionnel, l\u2019H\u00f4tel Solidaire Mangily vous propose la visite de l\u2019unique squelette de <span class=\"il\">baleine<\/span> \u00e0 bosse reconstitu\u00e9 de l\u2019oc\u00e9an Indien au Centre d\u2019\u00c9ducation Environnementale de l\u2019ONG Bel Avenir, \u00e0 l&rsquo;entr\u00e9e de l\u2019h\u00f4tel.<\/p>\n<p>L\u2019impressionnant squelette de <span class=\"il\">baleine<\/span> \u00e0 bosse, form\u00e9 par plus de 300 ossements, est suspendu \u00e0 l\u2019abri d\u2019une grande paillote. Le squelette p\u00e8se pr\u00e8s d\u2019une tonne et mesure 17 m de long et 6 m de large. Gr\u00e2ce \u00e0 des panneaux explicatifs, le visiteur peut d\u00e9couvrir leur mode de vie, leur morphologie, leurs comportements ainsi que les raisons de leur migration sur les c\u00f4tes de Mangily.<\/p>\n<p>\u00c0 l\u2019H\u00f4tel Solidaire Mangily, laissez-vous impressionner !<\/p>\n","protected":false},"excerpt":{"rendered":"<p>\u00c0 partir de ce mois de juillet, l\u2019H\u00f4tel Solidaire Mangily propose des balades en bateau derri\u00e8re la barri\u00e8re du r\u00e9cif pour admirer le passage des baleines. Pour votre s\u00e9curit\u00e9, la sortie se fait en compagnie des professionnels du m\u00e9tier ma\u00eetrisant le code de bonne conduite pour l\u2019observation des baleines.<\/p>\n","protected":false},"author":3,"featured_media":2038,"comment_status":"open","ping_status":"closed","sticky":false,"template":"","format":"standard","meta":{"_acf_changed":false,"footnotes":""},"categories":[15],"tags":[],"class_list":["post-2037","post","type-post","status-publish","format-standard","has-post-thumbnail","hentry","category-actualites-fr"],"acf":[],"yoast_head":"<!-- This site is optimized with the Yoast SEO plugin v27.4 - https:\/\/yoast.com\/product\/yoast-seo-wordpress\/ -->\n<title>L\u2019H\u00f4tel Solidaire Mangily vous donne rendez-vous pour aller \u00e0 la rencontre des baleines - H\u00f4tel Solidaire Mangily<\/title>\n<meta name=\"robots\" content=\"index, follow, max-snippet:-1, max-image-preview:large, max-video-preview:-1\" \/>\n<link rel=\"canonical\" href=\"https:\/\/hotelsolidairemangily.com\/tienes-una-cita-con-las-ballenas-en-el-hotel-solidario-mangily\/\" \/>\n<meta property=\"og:locale\" content=\"fr_FR\" \/>\n<meta property=\"og:type\" content=\"article\" \/>\n<meta property=\"og:title\" content=\"L\u2019H\u00f4tel Solidaire Mangily vous donne rendez-vous pour aller \u00e0 la rencontre des baleines - H\u00f4tel Solidaire Mangily\" \/>\n<meta property=\"og:description\" content=\"\u00c0 partir de ce mois de juillet, l\u2019H\u00f4tel Solidaire Mangily propose des balades en bateau derri\u00e8re la barri\u00e8re du r\u00e9cif pour admirer le passage des baleines. Pour votre s\u00e9curit\u00e9, la sortie se fait en compagnie des professionnels du m\u00e9tier ma\u00eetrisant le code de bonne conduite pour l\u2019observation des baleines.\" \/>\n<meta property=\"og:url\" content=\"https:\/\/hotelsolidairemangily.com\/tienes-una-cita-con-las-ballenas-en-el-hotel-solidario-mangily\/\" \/>\n<meta property=\"og:site_name\" content=\"H\u00f4tel Solidaire Mangily\" \/>\n<meta property=\"article:published_time\" content=\"2016-06-29T06:19:44+00:00\" \/>\n<meta property=\"article:modified_time\" content=\"2016-07-05T06:59:07+00:00\" \/>\n<meta property=\"og:image\" content=\"https:\/\/hotelsolidairemangily.com\/wp-content\/uploads\/imagehandles.php_.jpg\" \/>\n\t<meta property=\"og:image:width\" content=\"1000\" \/>\n\t<meta property=\"og:image:height\" content=\"585\" \/>\n\t<meta property=\"og:image:type\" content=\"image\/jpeg\" \/>\n<meta name=\"author\" content=\"FENOARISOA Ralaiharinony\" \/>\n<meta name=\"twitter:card\" content=\"summary_large_image\" \/>\n<meta name=\"twitter:label1\" content=\"\u00c9crit par\" \/>\n\t<meta name=\"twitter:data1\" content=\"FENOARISOA Ralaiharinony\" \/>\n\t<meta name=\"twitter:label2\" content=\"Dur\u00e9e de lecture estim\u00e9e\" \/>\n\t<meta name=\"twitter:data2\" content=\"2 minutes\" \/>\n<script type=\"application\/ld+json\" class=\"yoast-schema-graph\">{\"@context\":\"https:\\\/\\\/schema.org\",\"@graph\":[{\"@type\":\"Article\",\"@id\":\"https:\\\/\\\/hotelsolidairemangily.com\\\/tienes-una-cita-con-las-ballenas-en-el-hotel-solidario-mangily\\\/#article\",\"isPartOf\":{\"@id\":\"https:\\\/\\\/hotelsolidairemangily.com\\\/tienes-una-cita-con-las-ballenas-en-el-hotel-solidario-mangily\\\/\"},\"author\":{\"name\":\"FENOARISOA Ralaiharinony\",\"@id\":\"https:\\\/\\\/hotelsolidairemangily.com\\\/#\\\/schema\\\/person\\\/28dd60c2186d5410543158f5b4ca18ce\"},\"headline\":\"L\u2019H\u00f4tel Solidaire Mangily vous donne rendez-vous pour aller \u00e0 la rencontre des baleines\",\"datePublished\":\"2016-06-29T06:19:44+00:00\",\"dateModified\":\"2016-07-05T06:59:07+00:00\",\"mainEntityOfPage\":{\"@id\":\"https:\\\/\\\/hotelsolidairemangily.com\\\/tienes-una-cita-con-las-ballenas-en-el-hotel-solidario-mangily\\\/\"},\"wordCount\":362,\"commentCount\":0,\"image\":{\"@id\":\"https:\\\/\\\/hotelsolidairemangily.com\\\/tienes-una-cita-con-las-ballenas-en-el-hotel-solidario-mangily\\\/#primaryimage\"},\"thumbnailUrl\":\"https:\\\/\\\/hotelsolidairemangily.com\\\/wp-content\\\/uploads\\\/imagehandles.php_.jpg\",\"articleSection\":[\"Actualit\u00e9s\"],\"inLanguage\":\"fr-FR\",\"potentialAction\":[{\"@type\":\"CommentAction\",\"name\":\"Comment\",\"target\":[\"https:\\\/\\\/hotelsolidairemangily.com\\\/tienes-una-cita-con-las-ballenas-en-el-hotel-solidario-mangily\\\/#respond\"]}]},{\"@type\":\"WebPage\",\"@id\":\"https:\\\/\\\/hotelsolidairemangily.com\\\/tienes-una-cita-con-las-ballenas-en-el-hotel-solidario-mangily\\\/\",\"url\":\"https:\\\/\\\/hotelsolidairemangily.com\\\/tienes-una-cita-con-las-ballenas-en-el-hotel-solidario-mangily\\\/\",\"name\":\"L\u2019H\u00f4tel Solidaire Mangily vous donne rendez-vous pour aller \u00e0 la rencontre des baleines - H\u00f4tel Solidaire Mangily\",\"isPartOf\":{\"@id\":\"https:\\\/\\\/hotelsolidairemangily.com\\\/#website\"},\"primaryImageOfPage\":{\"@id\":\"https:\\\/\\\/hotelsolidairemangily.com\\\/tienes-una-cita-con-las-ballenas-en-el-hotel-solidario-mangily\\\/#primaryimage\"},\"image\":{\"@id\":\"https:\\\/\\\/hotelsolidairemangily.com\\\/tienes-una-cita-con-las-ballenas-en-el-hotel-solidario-mangily\\\/#primaryimage\"},\"thumbnailUrl\":\"https:\\\/\\\/hotelsolidairemangily.com\\\/wp-content\\\/uploads\\\/imagehandles.php_.jpg\",\"datePublished\":\"2016-06-29T06:19:44+00:00\",\"dateModified\":\"2016-07-05T06:59:07+00:00\",\"author\":{\"@id\":\"https:\\\/\\\/hotelsolidairemangily.com\\\/#\\\/schema\\\/person\\\/28dd60c2186d5410543158f5b4ca18ce\"},\"breadcrumb\":{\"@id\":\"https:\\\/\\\/hotelsolidairemangily.com\\\/tienes-una-cita-con-las-ballenas-en-el-hotel-solidario-mangily\\\/#breadcrumb\"},\"inLanguage\":\"fr-FR\",\"potentialAction\":[{\"@type\":\"ReadAction\",\"target\":[\"https:\\\/\\\/hotelsolidairemangily.com\\\/tienes-una-cita-con-las-ballenas-en-el-hotel-solidario-mangily\\\/\"]}]},{\"@type\":\"ImageObject\",\"inLanguage\":\"fr-FR\",\"@id\":\"https:\\\/\\\/hotelsolidairemangily.com\\\/tienes-una-cita-con-las-ballenas-en-el-hotel-solidario-mangily\\\/#primaryimage\",\"url\":\"https:\\\/\\\/hotelsolidairemangily.com\\\/wp-content\\\/uploads\\\/imagehandles.php_.jpg\",\"contentUrl\":\"https:\\\/\\\/hotelsolidairemangily.com\\\/wp-content\\\/uploads\\\/imagehandles.php_.jpg\",\"width\":1000,\"height\":585},{\"@type\":\"BreadcrumbList\",\"@id\":\"https:\\\/\\\/hotelsolidairemangily.com\\\/tienes-una-cita-con-las-ballenas-en-el-hotel-solidario-mangily\\\/#breadcrumb\",\"itemListElement\":[{\"@type\":\"ListItem\",\"position\":1,\"name\":\"Accueil\",\"item\":\"https:\\\/\\\/hotelsolidairemangily.com\\\/fr\\\/\"},{\"@type\":\"ListItem\",\"position\":2,\"name\":\"L\u2019H\u00f4tel Solidaire Mangily vous donne rendez-vous pour aller \u00e0 la rencontre des baleines\"}]},{\"@type\":\"WebSite\",\"@id\":\"https:\\\/\\\/hotelsolidairemangily.com\\\/#website\",\"url\":\"https:\\\/\\\/hotelsolidairemangily.com\\\/\",\"name\":\"H\u00f4tel Solidaire Mangily\",\"description\":\"\u00a1Viaja de forma distinta!\",\"potentialAction\":[{\"@type\":\"SearchAction\",\"target\":{\"@type\":\"EntryPoint\",\"urlTemplate\":\"https:\\\/\\\/hotelsolidairemangily.com\\\/?s={search_term_string}\"},\"query-input\":{\"@type\":\"PropertyValueSpecification\",\"valueRequired\":true,\"valueName\":\"search_term_string\"}}],\"inLanguage\":\"fr-FR\"},{\"@type\":\"Person\",\"@id\":\"https:\\\/\\\/hotelsolidairemangily.com\\\/#\\\/schema\\\/person\\\/28dd60c2186d5410543158f5b4ca18ce\",\"name\":\"FENOARISOA Ralaiharinony\",\"sameAs\":[\"http:\\\/\\\/ongbelavenir.org\"],\"url\":\"https:\\\/\\\/hotelsolidairemangily.com\\\/fr\\\/author\\\/oreto\\\/\"}]}<\/script>\n<!-- \/ Yoast SEO plugin. -->","yoast_head_json":{"title":"L\u2019H\u00f4tel Solidaire Mangily vous donne rendez-vous pour aller \u00e0 la rencontre des baleines - H\u00f4tel Solidaire Mangily","robots":{"index":"index","follow":"follow","max-snippet":"max-snippet:-1","max-image-preview":"max-image-preview:large","max-video-preview":"max-video-preview:-1"},"canonical":"https:\/\/hotelsolidairemangily.com\/tienes-una-cita-con-las-ballenas-en-el-hotel-solidario-mangily\/","og_locale":"fr_FR","og_type":"article","og_title":"L\u2019H\u00f4tel Solidaire Mangily vous donne rendez-vous pour aller \u00e0 la rencontre des baleines - H\u00f4tel Solidaire Mangily","og_description":"\u00c0 partir de ce mois de juillet, l\u2019H\u00f4tel Solidaire Mangily propose des balades en bateau derri\u00e8re la barri\u00e8re du r\u00e9cif pour admirer le passage des baleines. Pour votre s\u00e9curit\u00e9, la sortie se fait en compagnie des professionnels du m\u00e9tier ma\u00eetrisant le code de bonne conduite pour l\u2019observation des baleines.","og_url":"https:\/\/hotelsolidairemangily.com\/tienes-una-cita-con-las-ballenas-en-el-hotel-solidario-mangily\/","og_site_name":"H\u00f4tel Solidaire Mangily","article_published_time":"2016-06-29T06:19:44+00:00","article_modified_time":"2016-07-05T06:59:07+00:00","og_image":[{"width":1000,"height":585,"url":"https:\/\/hotelsolidairemangily.com\/wp-content\/uploads\/imagehandles.php_.jpg","type":"image\/jpeg"}],"author":"FENOARISOA Ralaiharinony","twitter_card":"summary_large_image","twitter_misc":{"\u00c9crit par":"FENOARISOA Ralaiharinony","Dur\u00e9e de lecture estim\u00e9e":"2 minutes"},"schema":{"@context":"https:\/\/schema.org","@graph":[{"@type":"Article","@id":"https:\/\/hotelsolidairemangily.com\/tienes-una-cita-con-las-ballenas-en-el-hotel-solidario-mangily\/#article","isPartOf":{"@id":"https:\/\/hotelsolidairemangily.com\/tienes-una-cita-con-las-ballenas-en-el-hotel-solidario-mangily\/"},"author":{"name":"FENOARISOA Ralaiharinony","@id":"https:\/\/hotelsolidairemangily.com\/#\/schema\/person\/28dd60c2186d5410543158f5b4ca18ce"},"headline":"L\u2019H\u00f4tel Solidaire Mangily vous donne rendez-vous pour aller \u00e0 la rencontre des baleines","datePublished":"2016-06-29T06:19:44+00:00","dateModified":"2016-07-05T06:59:07+00:00","mainEntityOfPage":{"@id":"https:\/\/hotelsolidairemangily.com\/tienes-una-cita-con-las-ballenas-en-el-hotel-solidario-mangily\/"},"wordCount":362,"commentCount":0,"image":{"@id":"https:\/\/hotelsolidairemangily.com\/tienes-una-cita-con-las-ballenas-en-el-hotel-solidario-mangily\/#primaryimage"},"thumbnailUrl":"https:\/\/hotelsolidairemangily.com\/wp-content\/uploads\/imagehandles.php_.jpg","articleSection":["Actualit\u00e9s"],"inLanguage":"fr-FR","potentialAction":[{"@type":"CommentAction","name":"Comment","target":["https:\/\/hotelsolidairemangily.com\/tienes-una-cita-con-las-ballenas-en-el-hotel-solidario-mangily\/#respond"]}]},{"@type":"WebPage","@id":"https:\/\/hotelsolidairemangily.com\/tienes-una-cita-con-las-ballenas-en-el-hotel-solidario-mangily\/","url":"https:\/\/hotelsolidairemangily.com\/tienes-una-cita-con-las-ballenas-en-el-hotel-solidario-mangily\/","name":"L\u2019H\u00f4tel Solidaire Mangily vous donne rendez-vous pour aller \u00e0 la rencontre des baleines - H\u00f4tel Solidaire Mangily","isPartOf":{"@id":"https:\/\/hotelsolidairemangily.com\/#website"},"primaryImageOfPage":{"@id":"https:\/\/hotelsolidairemangily.com\/tienes-una-cita-con-las-ballenas-en-el-hotel-solidario-mangily\/#primaryimage"},"image":{"@id":"https:\/\/hotelsolidairemangily.com\/tienes-una-cita-con-las-ballenas-en-el-hotel-solidario-mangily\/#primaryimage"},"thumbnailUrl":"https:\/\/hotelsolidairemangily.com\/wp-content\/uploads\/imagehandles.php_.jpg","datePublished":"2016-06-29T06:19:44+00:00","dateModified":"2016-07-05T06:59:07+00:00","author":{"@id":"https:\/\/hotelsolidairemangily.com\/#\/schema\/person\/28dd60c2186d5410543158f5b4ca18ce"},"breadcrumb":{"@id":"https:\/\/hotelsolidairemangily.com\/tienes-una-cita-con-las-ballenas-en-el-hotel-solidario-mangily\/#breadcrumb"},"inLanguage":"fr-FR","potentialAction":[{"@type":"ReadAction","target":["https:\/\/hotelsolidairemangily.com\/tienes-una-cita-con-las-ballenas-en-el-hotel-solidario-mangily\/"]}]},{"@type":"ImageObject","inLanguage":"fr-FR","@id":"https:\/\/hotelsolidairemangily.com\/tienes-una-cita-con-las-ballenas-en-el-hotel-solidario-mangily\/#primaryimage","url":"https:\/\/hotelsolidairemangily.com\/wp-content\/uploads\/imagehandles.php_.jpg","contentUrl":"https:\/\/hotelsolidairemangily.com\/wp-content\/uploads\/imagehandles.php_.jpg","width":1000,"height":585},{"@type":"BreadcrumbList","@id":"https:\/\/hotelsolidairemangily.com\/tienes-una-cita-con-las-ballenas-en-el-hotel-solidario-mangily\/#breadcrumb","itemListElement":[{"@type":"ListItem","position":1,"name":"Accueil","item":"https:\/\/hotelsolidairemangily.com\/fr\/"},{"@type":"ListItem","position":2,"name":"L\u2019H\u00f4tel Solidaire Mangily vous donne rendez-vous pour aller \u00e0 la rencontre des baleines"}]},{"@type":"WebSite","@id":"https:\/\/hotelsolidairemangily.com\/#website","url":"https:\/\/hotelsolidairemangily.com\/","name":"H\u00f4tel Solidaire Mangily","description":"\u00a1Viaja de forma distinta!","potentialAction":[{"@type":"SearchAction","target":{"@type":"EntryPoint","urlTemplate":"https:\/\/hotelsolidairemangily.com\/?s={search_term_string}"},"query-input":{"@type":"PropertyValueSpecification","valueRequired":true,"valueName":"search_term_string"}}],"inLanguage":"fr-FR"},{"@type":"Person","@id":"https:\/\/hotelsolidairemangily.com\/#\/schema\/person\/28dd60c2186d5410543158f5b4ca18ce","name":"FENOARISOA Ralaiharinony","sameAs":["http:\/\/ongbelavenir.org"],"url":"https:\/\/hotelsolidairemangily.com\/fr\/author\/oreto\/"}]}},"_links":{"self":[{"href":"https:\/\/hotelsolidairemangily.com\/fr\/wp-json\/wp\/v2\/posts\/2037","targetHints":{"allow":["GET"]}}],"collection":[{"href":"https:\/\/hotelsolidairemangily.com\/fr\/wp-json\/wp\/v2\/posts"}],"about":[{"href":"https:\/\/hotelsolidairemangily.com\/fr\/wp-json\/wp\/v2\/types\/post"}],"author":[{"embeddable":true,"href":"https:\/\/hotelsolidairemangily.com\/fr\/wp-json\/wp\/v2\/users\/3"}],"replies":[{"embeddable":true,"href":"https:\/\/hotelsolidairemangily.com\/fr\/wp-json\/wp\/v2\/comments?post=2037"}],"version-history":[{"count":2,"href":"https:\/\/hotelsolidairemangily.com\/fr\/wp-json\/wp\/v2\/posts\/2037\/revisions"}],"predecessor-version":[{"id":2051,"href":"https:\/\/hotelsolidairemangily.com\/fr\/wp-json\/wp\/v2\/posts\/2037\/revisions\/2051"}],"wp:featuredmedia":[{"embeddable":true,"href":"https:\/\/hotelsolidairemangily.com\/fr\/wp-json\/wp\/v2\/media\/2038"}],"wp:attachment":[{"href":"https:\/\/hotelsolidairemangily.com\/fr\/wp-json\/wp\/v2\/media?parent=2037"}],"wp:term":[{"taxonomy":"category","embeddable":true,"href":"https:\/\/hotelsolidairemangily.com\/fr\/wp-json\/wp\/v2\/categories?post=2037"},{"taxonomy":"post_tag","embeddable":true,"href":"https:\/\/hotelsolidairemangily.com\/fr\/wp-json\/wp\/v2\/tags?post=2037"}],"curies":[{"name":"wp","href":"https:\/\/api.w.org\/{rel}","templated":true}]}}